{"id":18450,"date":"2026-04-18T17:21:31","date_gmt":"2026-04-18T15:21:31","guid":{"rendered":"https:\/\/artcava.com\/masia-can-batlle-una-historia-familiar-de-4-segles-dantiguitat\/"},"modified":"2026-04-18T17:21:36","modified_gmt":"2026-04-18T15:21:36","slug":"masia-can-batlle-una-historia-familiar-de-4-segles-dantiguitat","status":"publish","type":"post","link":"https:\/\/artcava.com\/es\/masia-can-batlle-una-historia-familiar-de-4-segles-dantiguitat\/","title":{"rendered":"Masia Can Batlle: una historia familiar de 4 siglos de antiguedad"},"content":{"rendered":"\t\t<div data-elementor-type=\"wp-post\" data-elementor-id=\"18450\" class=\"elementor elementor-18450 elementor-6037\" data-elementor-post-type=\"post\">\n\t\t\t\t\t\t<section data-particle_enable=\"false\" data-particle-mobile-disabled=\"false\" class=\"elementor-section elementor-top-section elementor-element elementor-element-2b7fcfb7 elementor-section-boxed elementor-section-height-default elementor-section-height-default\" data-id=\"2b7fcfb7\" data-element_type=\"section\" data-e-type=\"section\">\n\t\t\t\t\t\t<div class=\"elementor-container elementor-column-gap-default\">\n\t\t\t\t\t<div class=\"elementor-column elementor-col-100 elementor-top-column elementor-element elementor-element-3cff0ac8\" data-id=\"3cff0ac8\" data-element_type=\"column\" data-e-type=\"column\">\n\t\t\t<div class=\"elementor-widget-wrap elementor-element-populated\">\n\t\t\t\t\t\t<div class=\"elementor-element elementor-element-7553a9d2 elementor-widget elementor-widget-text-editor\" data-id=\"7553a9d2\" data-element_type=\"widget\" data-e-type=\"widget\" data-widget_type=\"text-editor.default\">\n\t\t\t\t\t\t\t\t\t<h1 class=\"has-text-align-center\" style=\"font-size: 35px;\"><strong>Masia Can Batlle: una historia familiar de 4 siglos de antiguedad<\/strong><\/h1>\n<p class=\"has-text-align-justify\">La historia de la Masia Can Batlle se remonta a un linaje familiar de casi 4 siglos de antig\u00fcedad. Tenemos constancia de que Joan Batlle, fallecido en el a\u00f1o 1643, tuvo 2 hijos: Juan y Antoni Bartomeu Batlle. Aunque del segundo hijo perdemos el hilo de la historia, de Juan Bartomeu sabemos que se cas\u00f3 con Orosia Oller el 17 de febrero de 1645 en la iglesia Parroquial de Sant Cugat, donde era rector Pere Pag\u00e8s. Orosia hab\u00eda quedado viuda de su primer marido, Francisco Oller, fallecido el 26 de julio de 1635.   <\/p>\n<p class=\"has-text-align-justify\">Orosia y Juan Bartomeu tuvieron un hijo, Joseph Batlle Oller, que fue bautizado en la iglesia Parroquial de Nuestra Se\u00f1ora del Pi de Barcelona un d\u00eda de marzo de 1638. El peque\u00f1o Joseph creci\u00f3 hasta llegar a la edad adulta y contrajo matrimonio con Br\u00edgida Marrugat, quien le dio un hijo llamado Joseph Batlle Marrugat, fallecido en el a\u00f1o 1745. De este propietario sabemos que un d\u00eda de enero de 1740, su finca sufri\u00f3 una tormenta de lluvia que dur\u00f3 3 d\u00edas seguidos. A consecuencia de este aguacero se hundi\u00f3 el techo de una de las habitaciones de la casa solariega, que cay\u00f3 sobre la bodega y da\u00f1\u00f3 6 barricas de vino. La familia Batlle conserva la factura de las reparaciones realizadas. Se compraron 36 pinos para hacer nuevas vigas y se le pagaron a Francisco Ratecas 3 d\u00edas de trabajo por la reparaci\u00f3n de los da\u00f1os ocasionados por la lluvia. La factura total ascendi\u00f3 a m\u00e1s de 104 monedas de la \u00e9poca.      <\/p>\n<div class=\"wp-block-image\">\n<figure class=\"aligncenter size-large\"><img fetchpriority=\"high\" decoding=\"async\" width=\"1009\" height=\"498\" class=\"wp-image-6044\" src=\"https:\/\/artcava.com\/wp-content\/uploads\/2020\/10\/Captura.png\" alt=\"\" srcset=\"https:\/\/artcava.com\/wp-content\/uploads\/2020\/10\/Captura.png 1009w, https:\/\/artcava.com\/wp-content\/uploads\/2020\/10\/Captura-500x247.png 500w, https:\/\/artcava.com\/wp-content\/uploads\/2020\/10\/Captura-450x222.png 450w, https:\/\/artcava.com\/wp-content\/uploads\/2020\/10\/Captura-510x252.png 510w\" sizes=\"(max-width: 1009px) 100vw, 1009px\" \/><p><\/p>\n<figcaption>Registro del primer Batlle<\/figcaption>\n<\/figure>\n<\/div>\n<p class=\"has-text-align-justify\">Unos a\u00f1os antes, en noviembre de 1730, el hijo de Joseph Batlle Marrugat, Joan Batlle Mallol, arrend\u00f3 una parcela de tierra de 2 jornales para plantar vi\u00f1as. El jornal es una unidad de superficie que se utilizaba en los Pa\u00edses Catalanes para medir las tierras de cultivo y campos, y que equivale a unos 4.358 m\u00b2, aproximadamente. Transcurrir\u00edan 10 a\u00f1os hasta la compra definitiva de las tierras. El 22 de agosto de 1801 muere Pere Batlle Mestre, bisnieto de Joseph Batlle Marrugat, del que conservamos la factura de su entierro, donde consta el salario del carpintero, del rector y los panes comprados en una panader\u00eda de Vilafranca del Pened\u00e8s para el velatorio del difunto. Pere Batlle fue enterrado 3 d\u00edas despu\u00e9s de su muerte en un f\u00e9retro de madera adornado.    <\/p>\n<p class=\"has-text-align-justify\">3 generaciones despu\u00e9s, retomamos el hilo conductor de esta familia en la figura de Jaume Batlle, bisnieto del anterior. Naci\u00f3 el 25 de julio de 1816 y se cas\u00f3 el 7 de mayo de 1833 con Antonia Isach Galofre, hija de Jaume Isach y Francisca Galofre. Estos 2 \u00faltimos matrimonios de la familia Isach (padre e hija) se incorporar\u00edan a la rama familiar de los Batlle con una propiedad llamada \u00abCal Isac\u00bb. Esta propiedad permanecer\u00eda dentro de las sucesivas generaciones familiares hasta el a\u00f1o 1923, cuando una revuelta de campesinos y la delicada salud del propietario de aquella \u00e9poca, Casimir Batlle Marcer, hicieron necesaria su venta. En 1923 llevaba 3 a\u00f1os que los viticultores ten\u00edan que vender el vino a precios iguales o inferiores a los costes de producci\u00f3n y los \u00e1nimos estaban muy crispados.    <\/p>\n<figure class=\"wp-block-image alignwide size-large\"><img decoding=\"async\" width=\"722\" height=\"530\" class=\"wp-image-6040 lazyload\" data-src=\"https:\/\/artcava.com\/wp-content\/uploads\/2020\/10\/finca-Artcava.png\" alt=\"\" data-srcset=\"https:\/\/artcava.com\/wp-content\/uploads\/2020\/10\/finca-Artcava.png 722w, https:\/\/artcava.com\/wp-content\/uploads\/2020\/10\/finca-Artcava-500x367.png 500w, https:\/\/artcava.com\/wp-content\/uploads\/2020\/10\/finca-Artcava-450x330.png 450w, https:\/\/artcava.com\/wp-content\/uploads\/2020\/10\/finca-Artcava-510x374.png 510w\" data-sizes=\"(max-width: 722px) 100vw, 722px\" src=\"data:image\/svg+xml;base64,PHN2ZyB3aWR0aD0iMSIgaGVpZ2h0PSIxIiB4bWxucz0iaHR0cDovL3d3dy53My5vcmcvMjAwMC9zdmciPjwvc3ZnPg==\" style=\"--smush-placeholder-width: 722px; --smush-placeholder-aspect-ratio: 722\/530;\" \/><p><\/p>\n<figcaption>Mapa de la finca en el a\u00f1o 1872<\/figcaption>\n<\/figure>\n<p class=\"has-text-align-justify\">Del matrimonio de Antonia Isach con Jaume Batlle naci\u00f3 un \u00fanico hijo el 28 de mayo de 1840, llamado Josep Batlle Isach. Josep qued\u00f3 hu\u00e9rfano de madre muy pronto, exactamente el 3 de agosto de ese mismo a\u00f1o; su padre seguir\u00eda a su esposa 7 a\u00f1os despu\u00e9s, el 7 de septiembre de 1847. El peque\u00f1o Josep creci\u00f3 y se cas\u00f3 un d\u00eda de julio de 1866 con Josepa Marcer i Marcer, quien le dio 5 hijos: Agust\u00ed, Casimir, Josepa, Teresa y Josep.  <\/p>\n<p class=\"has-text-align-justify\">Los 5 hijos se casaron y nos ha llegado la cr\u00f3nica de que el hijo mayor, Agust\u00ed, un fat\u00eddico 7 de junio de 1902, cuando contaba con 32 a\u00f1os de edad, fue al mercado de Vilafranca del Pened\u00e8s acompa\u00f1ado por su madre. Iban a comprar una guada\u00f1a, una herramienta que se utiliza para segar el trigo y que necesitaban para las tareas de la siega. &nbsp;<span style=\"color: var( --e-global-color-text ); font-family: var( --e-global-typography-text-font-family ), Sans-serif; font-weight: var( --e-global-typography-text-font-weight );\">Cuando Agust\u00ed estaba dejando su cabalgadura en la cuadra, se top\u00f3 con un burro de mal genio que le dio una coz en la frente. El primer m\u00e9dico que lo atendi\u00f3 le cerr\u00f3 la herida sin percatarse de que el cr\u00e1neo estaba fracturado en 5 partes distintas. Al cabo de una semana, Agust\u00ed comenz\u00f3 a sufrir los primeros s\u00edntomas del t\u00e9tanos: espasmos, rigidez muscular, dificultad para tragar&#8230; En aquella \u00e9poca a\u00fan no se conoc\u00eda la vacuna del t\u00e9tanos (no se utiliz\u00f3 por primera vez hasta el a\u00f1o 1930) y por temor a que la herida se gangrenara, el 15 de junio el cirujano de Vilafranca del Pened\u00e8s Manuel Sala, asistido por su hijo Carles Sala y el m\u00e9dico del pueblo Francesc Massana, lo oper\u00f3 de las heridas de la cabeza. Agust\u00ed Batlle Marcer muri\u00f3 3 d\u00edas despu\u00e9s, el 18 de junio de 1902, sin dejar descendencia.    <\/span><\/p>\n<p class=\"has-text-align-justify\">Su viuda, Dolors Roig Roqu\u00e8, se cas\u00f3 con su cu\u00f1ado Casimir Batlle Marcer el 7 de diciembre de 1904. De esta uni\u00f3n nacieron 4 hijos: Josep Maria, Ramona, J\u00falia y Nativitat. El primer hijo, Josep Maria, naci\u00f3 el 20 de noviembre de 1905; 24 horas despu\u00e9s de su nacimiento, toda la familia pensaba que morir\u00eda e incluso se ofici\u00f3 el acto de la extremaunci\u00f3n. Finalmente result\u00f3 ser una indisposici\u00f3n t\u00edpica de un reci\u00e9n nacido. De todos aquellos hijos, la \u00fanica que tuvo descendencia fue Ramona Batlle Roig, abuela paterna del actual propietario, Ignasi Romeu Sol\u00e9.    <\/p>\n<figure class=\"wp-block-image alignwide size-large\"><img decoding=\"async\" class=\"wp-image-6042 lazyload\" data-src=\"https:\/\/artcava.com\/wp-content\/uploads\/2020\/10\/artcava-3-1-1024x681.jpg\" alt=\"\" src=\"data:image\/svg+xml;base64,PHN2ZyB3aWR0aD0iMSIgaGVpZ2h0PSIxIiB4bWxucz0iaHR0cDovL3d3dy53My5vcmcvMjAwMC9zdmciPjwvc3ZnPg==\" style=\"--smush-placeholder-width: 1024px; --smush-placeholder-aspect-ratio: 1024\/681;\"><p><\/p>\n<figcaption>Interior de la Masia Can Batlle<\/figcaption>\n<\/figure>\t\t\t\t\t\t\t\t<\/div>\n\t\t\t\t\t<\/div>\n\t\t<\/div>\n\t\t\t\t\t<\/div>\n\t\t<\/section>\n\t\t\t\t<\/div>\n\t\t","protected":false},"excerpt":{"rendered":"<p>Masia Can Batlle: una historia familiar de 4 siglos de antiguedad La historia de la Masia Can Batlle se remonta a un linaje familiar de casi 4 siglos de antig\u00fcedad. Tenemos constancia de que Joan Batlle, fallecido en el a\u00f1o 1643, tuvo 2 hijos: Juan y Antoni Bartomeu Batlle. Aunque del segundo hijo perdemos el [&hellip;]<\/p>\n","protected":false},"author":76,"featured_media":18452,"comment_status":"closed","ping_status":"open","sticky":false,"template":"","format":"standard","meta":{"_jetpack_memberships_contains_paid_content":false,"footnotes":""},"categories":[37],"tags":[162,163,160,164,165,161,159,166],"class_list":["post-18450","post","type-post","status-publish","format-standard","has-post-thumbnail","hentry","category-sin-categorizar","tag-antiguitat","tag-descendencia","tag-familia","tag-fills","tag-finca","tag-generacions","tag-historia","tag-masia"],"yoast_head":"<!-- This site is optimized with the Yoast SEO plugin v27.4 - https:\/\/yoast.com\/product\/yoast-seo-wordpress\/ -->\n<title>Masia Can Batlle: una historia familiar de 4 siglos de antiguedad &#183; Artcava - Masia Can Batlle<\/title>\n<meta name=\"robots\" content=\"index, follow, max-snippet:-1, max-image-preview:large, max-video-preview:-1\" \/>\n<link rel=\"canonical\" href=\"https:\/\/artcava.com\/es\/masia-can-batlle-una-historia-familiar-de-4-segles-dantiguitat\/\" \/>\n<meta property=\"og:locale\" content=\"es_ES\" \/>\n<meta property=\"og:type\" content=\"article\" \/>\n<meta property=\"og:title\" content=\"Masia Can Batlle: una historia familiar de 4 siglos de antiguedad &#183; Artcava - Masia Can Batlle\" \/>\n<meta property=\"og:description\" content=\"Masia Can Batlle: una historia familiar de 4 siglos de antiguedad La historia de la Masia Can Batlle se remonta a un linaje familiar de casi 4 siglos de antig\u00fcedad. Tenemos constancia de que Joan Batlle, fallecido en el a\u00f1o 1643, tuvo 2 hijos: Juan y Antoni Bartomeu Batlle. Aunque del segundo hijo perdemos el [&hellip;]\" \/>\n<meta property=\"og:url\" content=\"https:\/\/artcava.com\/es\/masia-can-batlle-una-historia-familiar-de-4-segles-dantiguitat\/\" \/>\n<meta property=\"og:site_name\" content=\"Artcava - Masia Can Batlle\" \/>\n<meta property=\"article:publisher\" content=\"https:\/\/www.facebook.com\/elteucava\/\" \/>\n<meta property=\"article:published_time\" content=\"2026-04-18T15:21:31+00:00\" \/>\n<meta property=\"article:modified_time\" content=\"2026-04-18T15:21:36+00:00\" \/>\n<meta property=\"og:image\" content=\"https:\/\/artcava.com\/wp-content\/uploads\/2020\/10\/artcava-3-1-scaled.jpg\" \/>\n\t<meta property=\"og:image:width\" content=\"2560\" \/>\n\t<meta property=\"og:image:height\" content=\"1703\" \/>\n\t<meta property=\"og:image:type\" content=\"image\/jpeg\" \/>\n<meta name=\"author\" content=\"Pilar INAUDIT\" \/>\n<meta name=\"twitter:card\" content=\"summary_large_image\" \/>\n<meta name=\"twitter:label1\" content=\"Escrito por\" \/>\n\t<meta name=\"twitter:data1\" content=\"Pilar INAUDIT\" \/>\n\t<meta name=\"twitter:label2\" content=\"Tiempo de lectura\" \/>\n\t<meta name=\"twitter:data2\" content=\"5 minutos\" \/>\n<script type=\"application\/ld+json\" class=\"yoast-schema-graph\">{\"@context\":\"https:\\\/\\\/schema.org\",\"@graph\":[{\"@type\":\"Article\",\"@id\":\"https:\\\/\\\/artcava.com\\\/es\\\/masia-can-batlle-una-historia-familiar-de-4-segles-dantiguitat\\\/#article\",\"isPartOf\":{\"@id\":\"https:\\\/\\\/artcava.com\\\/es\\\/masia-can-batlle-una-historia-familiar-de-4-segles-dantiguitat\\\/\"},\"author\":{\"name\":\"Pilar INAUDIT\",\"@id\":\"https:\\\/\\\/artcava.com\\\/#\\\/schema\\\/person\\\/010fb5529177bb51a139a5d7e4d21db5\"},\"headline\":\"Masia Can Batlle: una historia familiar de 4 siglos de antiguedad\",\"datePublished\":\"2026-04-18T15:21:31+00:00\",\"dateModified\":\"2026-04-18T15:21:36+00:00\",\"mainEntityOfPage\":{\"@id\":\"https:\\\/\\\/artcava.com\\\/es\\\/masia-can-batlle-una-historia-familiar-de-4-segles-dantiguitat\\\/\"},\"wordCount\":959,\"publisher\":{\"@id\":\"https:\\\/\\\/artcava.com\\\/#organization\"},\"image\":{\"@id\":\"https:\\\/\\\/artcava.com\\\/es\\\/masia-can-batlle-una-historia-familiar-de-4-segles-dantiguitat\\\/#primaryimage\"},\"thumbnailUrl\":\"https:\\\/\\\/artcava.com\\\/wp-content\\\/uploads\\\/2020\\\/10\\\/artcava-3-1-scaled.jpg\",\"keywords\":[\"antiguitat\",\"descend\u00e8ncia\",\"familia\",\"fills\",\"finca\",\"generacions\",\"hist\u00f2ria\",\"Masia\"],\"articleSection\":[\"Sin categorizar\"],\"inLanguage\":\"es\"},{\"@type\":\"WebPage\",\"@id\":\"https:\\\/\\\/artcava.com\\\/es\\\/masia-can-batlle-una-historia-familiar-de-4-segles-dantiguitat\\\/\",\"url\":\"https:\\\/\\\/artcava.com\\\/es\\\/masia-can-batlle-una-historia-familiar-de-4-segles-dantiguitat\\\/\",\"name\":\"Masia Can Batlle: una historia familiar de 4 siglos de antiguedad &#183; Artcava - Masia Can Batlle\",\"isPartOf\":{\"@id\":\"https:\\\/\\\/artcava.com\\\/#website\"},\"primaryImageOfPage\":{\"@id\":\"https:\\\/\\\/artcava.com\\\/es\\\/masia-can-batlle-una-historia-familiar-de-4-segles-dantiguitat\\\/#primaryimage\"},\"image\":{\"@id\":\"https:\\\/\\\/artcava.com\\\/es\\\/masia-can-batlle-una-historia-familiar-de-4-segles-dantiguitat\\\/#primaryimage\"},\"thumbnailUrl\":\"https:\\\/\\\/artcava.com\\\/wp-content\\\/uploads\\\/2020\\\/10\\\/artcava-3-1-scaled.jpg\",\"datePublished\":\"2026-04-18T15:21:31+00:00\",\"dateModified\":\"2026-04-18T15:21:36+00:00\",\"breadcrumb\":{\"@id\":\"https:\\\/\\\/artcava.com\\\/es\\\/masia-can-batlle-una-historia-familiar-de-4-segles-dantiguitat\\\/#breadcrumb\"},\"inLanguage\":\"es\",\"potentialAction\":[{\"@type\":\"ReadAction\",\"target\":[\"https:\\\/\\\/artcava.com\\\/es\\\/masia-can-batlle-una-historia-familiar-de-4-segles-dantiguitat\\\/\"]}]},{\"@type\":\"ImageObject\",\"inLanguage\":\"es\",\"@id\":\"https:\\\/\\\/artcava.com\\\/es\\\/masia-can-batlle-una-historia-familiar-de-4-segles-dantiguitat\\\/#primaryimage\",\"url\":\"https:\\\/\\\/artcava.com\\\/wp-content\\\/uploads\\\/2020\\\/10\\\/artcava-3-1-scaled.jpg\",\"contentUrl\":\"https:\\\/\\\/artcava.com\\\/wp-content\\\/uploads\\\/2020\\\/10\\\/artcava-3-1-scaled.jpg\",\"width\":2560,\"height\":1703},{\"@type\":\"BreadcrumbList\",\"@id\":\"https:\\\/\\\/artcava.com\\\/es\\\/masia-can-batlle-una-historia-familiar-de-4-segles-dantiguitat\\\/#breadcrumb\",\"itemListElement\":[{\"@type\":\"ListItem\",\"position\":1,\"name\":\"Inici\",\"item\":\"https:\\\/\\\/artcava.com\\\/es\\\/inici-artcava\\\/\"},{\"@type\":\"ListItem\",\"position\":2,\"name\":\"Masia Can Batlle: una historia familiar de 4 siglos de antiguedad\"}]},{\"@type\":\"WebSite\",\"@id\":\"https:\\\/\\\/artcava.com\\\/#website\",\"url\":\"https:\\\/\\\/artcava.com\\\/\",\"name\":\"Artcava - Masia Can Batlle\",\"description\":\"L&#039;experi\u00e8ncia definitiva sobre el cava\",\"publisher\":{\"@id\":\"https:\\\/\\\/artcava.com\\\/#organization\"},\"potentialAction\":[{\"@type\":\"SearchAction\",\"target\":{\"@type\":\"EntryPoint\",\"urlTemplate\":\"https:\\\/\\\/artcava.com\\\/?s={search_term_string}\"},\"query-input\":{\"@type\":\"PropertyValueSpecification\",\"valueRequired\":true,\"valueName\":\"search_term_string\"}}],\"inLanguage\":\"es\"},{\"@type\":\"Organization\",\"@id\":\"https:\\\/\\\/artcava.com\\\/#organization\",\"name\":\"Artcava - Celler Can Batlle SL\",\"url\":\"https:\\\/\\\/artcava.com\\\/\",\"logo\":{\"@type\":\"ImageObject\",\"inLanguage\":\"es\",\"@id\":\"https:\\\/\\\/artcava.com\\\/#\\\/schema\\\/logo\\\/image\\\/\",\"url\":\"https:\\\/\\\/artcava.com\\\/wp-content\\\/uploads\\\/2020\\\/07\\\/logo-cartcava-winery.png\",\"contentUrl\":\"https:\\\/\\\/artcava.com\\\/wp-content\\\/uploads\\\/2020\\\/07\\\/logo-cartcava-winery.png\",\"width\":811,\"height\":776,\"caption\":\"Artcava - Celler Can Batlle SL\"},\"image\":{\"@id\":\"https:\\\/\\\/artcava.com\\\/#\\\/schema\\\/logo\\\/image\\\/\"},\"sameAs\":[\"https:\\\/\\\/www.facebook.com\\\/elteucava\\\/\",\"https:\\\/\\\/www.instagram.com\\\/artcava_experience\\\/\",\"https:\\\/\\\/www.instagram.com\\\/lamanelabyartcava\\\/\"]},{\"@type\":\"Person\",\"@id\":\"https:\\\/\\\/artcava.com\\\/#\\\/schema\\\/person\\\/010fb5529177bb51a139a5d7e4d21db5\",\"name\":\"Pilar INAUDIT\"}]}<\/script>\n<!-- \/ Yoast SEO plugin. -->","yoast_head_json":{"title":"Masia Can Batlle: una historia familiar de 4 siglos de antiguedad &#183; Artcava - Masia Can Batlle","robots":{"index":"index","follow":"follow","max-snippet":"max-snippet:-1","max-image-preview":"max-image-preview:large","max-video-preview":"max-video-preview:-1"},"canonical":"https:\/\/artcava.com\/es\/masia-can-batlle-una-historia-familiar-de-4-segles-dantiguitat\/","og_locale":"es_ES","og_type":"article","og_title":"Masia Can Batlle: una historia familiar de 4 siglos de antiguedad &#183; Artcava - Masia Can Batlle","og_description":"Masia Can Batlle: una historia familiar de 4 siglos de antiguedad La historia de la Masia Can Batlle se remonta a un linaje familiar de casi 4 siglos de antig\u00fcedad. Tenemos constancia de que Joan Batlle, fallecido en el a\u00f1o 1643, tuvo 2 hijos: Juan y Antoni Bartomeu Batlle. Aunque del segundo hijo perdemos el [&hellip;]","og_url":"https:\/\/artcava.com\/es\/masia-can-batlle-una-historia-familiar-de-4-segles-dantiguitat\/","og_site_name":"Artcava - Masia Can Batlle","article_publisher":"https:\/\/www.facebook.com\/elteucava\/","article_published_time":"2026-04-18T15:21:31+00:00","article_modified_time":"2026-04-18T15:21:36+00:00","og_image":[{"width":2560,"height":1703,"url":"https:\/\/artcava.com\/wp-content\/uploads\/2020\/10\/artcava-3-1-scaled.jpg","type":"image\/jpeg"}],"author":"Pilar INAUDIT","twitter_card":"summary_large_image","twitter_misc":{"Escrito por":"Pilar INAUDIT","Tiempo de lectura":"5 minutos"},"schema":{"@context":"https:\/\/schema.org","@graph":[{"@type":"Article","@id":"https:\/\/artcava.com\/es\/masia-can-batlle-una-historia-familiar-de-4-segles-dantiguitat\/#article","isPartOf":{"@id":"https:\/\/artcava.com\/es\/masia-can-batlle-una-historia-familiar-de-4-segles-dantiguitat\/"},"author":{"name":"Pilar INAUDIT","@id":"https:\/\/artcava.com\/#\/schema\/person\/010fb5529177bb51a139a5d7e4d21db5"},"headline":"Masia Can Batlle: una historia familiar de 4 siglos de antiguedad","datePublished":"2026-04-18T15:21:31+00:00","dateModified":"2026-04-18T15:21:36+00:00","mainEntityOfPage":{"@id":"https:\/\/artcava.com\/es\/masia-can-batlle-una-historia-familiar-de-4-segles-dantiguitat\/"},"wordCount":959,"publisher":{"@id":"https:\/\/artcava.com\/#organization"},"image":{"@id":"https:\/\/artcava.com\/es\/masia-can-batlle-una-historia-familiar-de-4-segles-dantiguitat\/#primaryimage"},"thumbnailUrl":"https:\/\/artcava.com\/wp-content\/uploads\/2020\/10\/artcava-3-1-scaled.jpg","keywords":["antiguitat","descend\u00e8ncia","familia","fills","finca","generacions","hist\u00f2ria","Masia"],"articleSection":["Sin categorizar"],"inLanguage":"es"},{"@type":"WebPage","@id":"https:\/\/artcava.com\/es\/masia-can-batlle-una-historia-familiar-de-4-segles-dantiguitat\/","url":"https:\/\/artcava.com\/es\/masia-can-batlle-una-historia-familiar-de-4-segles-dantiguitat\/","name":"Masia Can Batlle: una historia familiar de 4 siglos de antiguedad &#183; Artcava - Masia Can Batlle","isPartOf":{"@id":"https:\/\/artcava.com\/#website"},"primaryImageOfPage":{"@id":"https:\/\/artcava.com\/es\/masia-can-batlle-una-historia-familiar-de-4-segles-dantiguitat\/#primaryimage"},"image":{"@id":"https:\/\/artcava.com\/es\/masia-can-batlle-una-historia-familiar-de-4-segles-dantiguitat\/#primaryimage"},"thumbnailUrl":"https:\/\/artcava.com\/wp-content\/uploads\/2020\/10\/artcava-3-1-scaled.jpg","datePublished":"2026-04-18T15:21:31+00:00","dateModified":"2026-04-18T15:21:36+00:00","breadcrumb":{"@id":"https:\/\/artcava.com\/es\/masia-can-batlle-una-historia-familiar-de-4-segles-dantiguitat\/#breadcrumb"},"inLanguage":"es","potentialAction":[{"@type":"ReadAction","target":["https:\/\/artcava.com\/es\/masia-can-batlle-una-historia-familiar-de-4-segles-dantiguitat\/"]}]},{"@type":"ImageObject","inLanguage":"es","@id":"https:\/\/artcava.com\/es\/masia-can-batlle-una-historia-familiar-de-4-segles-dantiguitat\/#primaryimage","url":"https:\/\/artcava.com\/wp-content\/uploads\/2020\/10\/artcava-3-1-scaled.jpg","contentUrl":"https:\/\/artcava.com\/wp-content\/uploads\/2020\/10\/artcava-3-1-scaled.jpg","width":2560,"height":1703},{"@type":"BreadcrumbList","@id":"https:\/\/artcava.com\/es\/masia-can-batlle-una-historia-familiar-de-4-segles-dantiguitat\/#breadcrumb","itemListElement":[{"@type":"ListItem","position":1,"name":"Inici","item":"https:\/\/artcava.com\/es\/inici-artcava\/"},{"@type":"ListItem","position":2,"name":"Masia Can Batlle: una historia familiar de 4 siglos de antiguedad"}]},{"@type":"WebSite","@id":"https:\/\/artcava.com\/#website","url":"https:\/\/artcava.com\/","name":"Artcava - Masia Can Batlle","description":"L&#039;experi\u00e8ncia definitiva sobre el cava","publisher":{"@id":"https:\/\/artcava.com\/#organization"},"potentialAction":[{"@type":"SearchAction","target":{"@type":"EntryPoint","urlTemplate":"https:\/\/artcava.com\/?s={search_term_string}"},"query-input":{"@type":"PropertyValueSpecification","valueRequired":true,"valueName":"search_term_string"}}],"inLanguage":"es"},{"@type":"Organization","@id":"https:\/\/artcava.com\/#organization","name":"Artcava - Celler Can Batlle SL","url":"https:\/\/artcava.com\/","logo":{"@type":"ImageObject","inLanguage":"es","@id":"https:\/\/artcava.com\/#\/schema\/logo\/image\/","url":"https:\/\/artcava.com\/wp-content\/uploads\/2020\/07\/logo-cartcava-winery.png","contentUrl":"https:\/\/artcava.com\/wp-content\/uploads\/2020\/07\/logo-cartcava-winery.png","width":811,"height":776,"caption":"Artcava - Celler Can Batlle SL"},"image":{"@id":"https:\/\/artcava.com\/#\/schema\/logo\/image\/"},"sameAs":["https:\/\/www.facebook.com\/elteucava\/","https:\/\/www.instagram.com\/artcava_experience\/","https:\/\/www.instagram.com\/lamanelabyartcava\/"]},{"@type":"Person","@id":"https:\/\/artcava.com\/#\/schema\/person\/010fb5529177bb51a139a5d7e4d21db5","name":"Pilar INAUDIT"}]}},"jetpack_featured_media_url":"https:\/\/artcava.com\/wp-content\/uploads\/2020\/10\/artcava-3-1-scaled.jpg","jetpack_sharing_enabled":true,"_links":{"self":[{"href":"https:\/\/artcava.com\/es\/wp-json\/wp\/v2\/posts\/18450","targetHints":{"allow":["GET"]}}],"collection":[{"href":"https:\/\/artcava.com\/es\/wp-json\/wp\/v2\/posts"}],"about":[{"href":"https:\/\/artcava.com\/es\/wp-json\/wp\/v2\/types\/post"}],"author":[{"embeddable":true,"href":"https:\/\/artcava.com\/es\/wp-json\/wp\/v2\/users\/76"}],"replies":[{"embeddable":true,"href":"https:\/\/artcava.com\/es\/wp-json\/wp\/v2\/comments?post=18450"}],"version-history":[{"count":1,"href":"https:\/\/artcava.com\/es\/wp-json\/wp\/v2\/posts\/18450\/revisions"}],"predecessor-version":[{"id":18454,"href":"https:\/\/artcava.com\/es\/wp-json\/wp\/v2\/posts\/18450\/revisions\/18454"}],"wp:featuredmedia":[{"embeddable":true,"href":"https:\/\/artcava.com\/es\/wp-json\/wp\/v2\/media\/18452"}],"wp:attachment":[{"href":"https:\/\/artcava.com\/es\/wp-json\/wp\/v2\/media?parent=18450"}],"wp:term":[{"taxonomy":"category","embeddable":true,"href":"https:\/\/artcava.com\/es\/wp-json\/wp\/v2\/categories?post=18450"},{"taxonomy":"post_tag","embeddable":true,"href":"https:\/\/artcava.com\/es\/wp-json\/wp\/v2\/tags?post=18450"}],"curies":[{"name":"wp","href":"https:\/\/api.w.org\/{rel}","templated":true}]}}